{"id":152,"date":"2018-10-22T09:48:59","date_gmt":"2018-10-22T15:48:59","guid":{"rendered":"https:\/\/lilyduclaud.com\/blog\/?p=152"},"modified":"2018-10-22T09:56:57","modified_gmt":"2018-10-22T15:56:57","slug":"pink-lily","status":"publish","type":"post","link":"https:\/\/lilyduclaud.com\/blog\/2018\/10\/22\/pink-lily\/","title":{"rendered":"Pink Lily"},"content":{"rendered":"<p style=\"text-align: justify;\">Bajo la iniciativa de la reconocida dise\u00f1adora de interiores Lily Duclaud, el pasado jueves 18 de octubre se vivi\u00f3 un momento de uni\u00f3n y un llamado a unir voluntades para lograr la mayor concientizaci\u00f3n sobre la importancia de la autoexploraci\u00f3n, dado que un diagn\u00f3stico temprano ofrece un gran porcentaje de sobrevivir al c\u00e1ncer de mama; en una noche pintada de rosa.<\/p>\n<p><a href=\"https:\/\/lilyduclaud.com\/blog\/wp-content\/uploads\/2018\/10\/WhatsApp-Image-2018-10-19-at-08.02.041.jpeg\"><img loading=\"lazy\" decoding=\"async\" class=\"size-large wp-image-153 aligncenter\" src=\"https:\/\/lilyduclaud.com\/blog\/wp-content\/uploads\/2018\/10\/WhatsApp-Image-2018-10-19-at-08.02.041-1024x768.jpeg\" alt=\"\" width=\"1024\" height=\"768\" srcset=\"https:\/\/lilyduclaud.com\/blog\/wp-content\/uploads\/2018\/10\/WhatsApp-Image-2018-10-19-at-08.02.041-1024x768.jpeg 1024w, https:\/\/lilyduclaud.com\/blog\/wp-content\/uploads\/2018\/10\/WhatsApp-Image-2018-10-19-at-08.02.041-300x225.jpeg 300w, https:\/\/lilyduclaud.com\/blog\/wp-content\/uploads\/2018\/10\/WhatsApp-Image-2018-10-19-at-08.02.041-768x576.jpeg 768w, https:\/\/lilyduclaud.com\/blog\/wp-content\/uploads\/2018\/10\/WhatsApp-Image-2018-10-19-at-08.02.041-370x278.jpeg 370w, https:\/\/lilyduclaud.com\/blog\/wp-content\/uploads\/2018\/10\/WhatsApp-Image-2018-10-19-at-08.02.041-1040x780.jpeg 1040w, https:\/\/lilyduclaud.com\/blog\/wp-content\/uploads\/2018\/10\/WhatsApp-Image-2018-10-19-at-08.02.041.jpeg 1280w\" sizes=\"auto, (max-width: 1024px) 100vw, 1024px\" \/><\/a><\/p>\n<p style=\"text-align: justify;\">Por una experiencia personal, dado que su madre no sobrevivi\u00f3 al c\u00e1ncer de mama, Lily Duclaud decidi\u00f3 crear Pink Lily, una iniciativa que consiste en dedicar un porcentaje de las ventas de su boutique generadas durante octubre y hasta el 15 de noviembre, a una fundaci\u00f3n o IAP que apoye esta lucha.<\/p>\n<p style=\"text-align: justify;\">Este a\u00f1o, la fundaci\u00f3n beneficiada por este gran esfuerzo de uni\u00f3n y amor es la creada por la reconocida presentadora de televisi\u00f3n y radio, conferencista y autora de libros de motivaci\u00f3n personal y sobreviviente de este terrible mal, Mayte Prida, a la cual dio su nombre al fundarla en el a\u00f1o 2005.<\/p>\n<p><a href=\"https:\/\/lilyduclaud.com\/blog\/wp-content\/uploads\/2018\/10\/WhatsApp-Image-2018-10-19-at-09.07.27.jpeg\"><img loading=\"lazy\" decoding=\"async\" class=\"size-full wp-image-154 aligncenter\" src=\"https:\/\/lilyduclaud.com\/blog\/wp-content\/uploads\/2018\/10\/WhatsApp-Image-2018-10-19-at-09.07.27.jpeg\" alt=\"\" width=\"656\" height=\"368\" srcset=\"https:\/\/lilyduclaud.com\/blog\/wp-content\/uploads\/2018\/10\/WhatsApp-Image-2018-10-19-at-09.07.27.jpeg 656w, https:\/\/lilyduclaud.com\/blog\/wp-content\/uploads\/2018\/10\/WhatsApp-Image-2018-10-19-at-09.07.27-300x168.jpeg 300w, https:\/\/lilyduclaud.com\/blog\/wp-content\/uploads\/2018\/10\/WhatsApp-Image-2018-10-19-at-09.07.27-370x208.jpeg 370w\" sizes=\"auto, (max-width: 656px) 100vw, 656px\" \/><\/a><\/p>\n<p style=\"text-align: justify;\">A la iniciativa Pink Lily se unieron donando tambi\u00e9n un porcentaje de sus ventas: las reconocidas artistas pl\u00e1sticas Araceli de la Parra, con la creaci\u00f3n de una calavera rosa y Georgina R, con 2 \u00f3leos sobre tela; Oso Fredo con su hermoso oso de la esperanza Rosa; Herboteca Boutique con los kits especiales de aromaterapia para personas que est\u00e1n atravesando por quimios; la autora M\u00f3nica Salm\u00f3n con su libro \u201cDebajo de mi Piel\u201d, que habla de la lucha y sobrevivencia que vivi\u00f3 para vencer a esta terrible enfermedad; Gabrielle Studio con art\u00edculos tazas y camisetas especialmente dise\u00f1ados para esta campa\u00f1a; y Mr. Volk con sus vinos rosados.<\/p>\n<p><a href=\"https:\/\/lilyduclaud.com\/blog\/wp-content\/uploads\/2018\/10\/WhatsApp-Image-2018-10-19-at-09.07.262.jpeg\"><img loading=\"lazy\" decoding=\"async\" class=\"alignnone size-large wp-image-155\" src=\"https:\/\/lilyduclaud.com\/blog\/wp-content\/uploads\/2018\/10\/WhatsApp-Image-2018-10-19-at-09.07.262-1024x768.jpeg\" alt=\"\" width=\"1024\" height=\"768\" srcset=\"https:\/\/lilyduclaud.com\/blog\/wp-content\/uploads\/2018\/10\/WhatsApp-Image-2018-10-19-at-09.07.262.jpeg 1024w, https:\/\/lilyduclaud.com\/blog\/wp-content\/uploads\/2018\/10\/WhatsApp-Image-2018-10-19-at-09.07.262-300x225.jpeg 300w, https:\/\/lilyduclaud.com\/blog\/wp-content\/uploads\/2018\/10\/WhatsApp-Image-2018-10-19-at-09.07.262-768x576.jpeg 768w, https:\/\/lilyduclaud.com\/blog\/wp-content\/uploads\/2018\/10\/WhatsApp-Image-2018-10-19-at-09.07.262-370x278.jpeg 370w\" sizes=\"auto, (max-width: 1024px) 100vw, 1024px\" \/><\/a><\/p>\n<p style=\"text-align: justify;\">Tanto las obras como los art\u00edculos especiales participantes para esta campa\u00f1a de todos los ya mencionados, se encuentran disponibles en Lily Duclaud en Centro Santa Fe, ahora m\u00e1s bella que nunca con todos los toques rosas que simbolizan la esperanza de vida y la lucha permanente sobre este mal. Coraz\u00f3n de mel\u00f3n a\u00f1adi\u00f3 su toque a esta noche especial con una mesa de dulces y rosas, muchas rosas, que hablan de amor y la solidaridad.<\/p>\n<p style=\"text-align: justify;\"><em><strong>SOBRE LA FUNDACI\u00d3N MAYTE PRIDA<\/strong><\/em><\/p>\n<p><a href=\"https:\/\/lilyduclaud.com\/blog\/wp-content\/uploads\/2018\/10\/JDS-161018-FUNDC-24-900x550.jpg\"><img loading=\"lazy\" decoding=\"async\" class=\"alignnone size-full wp-image-156\" src=\"https:\/\/lilyduclaud.com\/blog\/wp-content\/uploads\/2018\/10\/JDS-161018-FUNDC-24-900x550.jpg\" alt=\"\" width=\"900\" height=\"550\" srcset=\"https:\/\/lilyduclaud.com\/blog\/wp-content\/uploads\/2018\/10\/JDS-161018-FUNDC-24-900x550.jpg 900w, https:\/\/lilyduclaud.com\/blog\/wp-content\/uploads\/2018\/10\/JDS-161018-FUNDC-24-900x550-300x183.jpg 300w, https:\/\/lilyduclaud.com\/blog\/wp-content\/uploads\/2018\/10\/JDS-161018-FUNDC-24-900x550-768x469.jpg 768w, https:\/\/lilyduclaud.com\/blog\/wp-content\/uploads\/2018\/10\/JDS-161018-FUNDC-24-900x550-370x226.jpg 370w\" sizes=\"auto, (max-width: 900px) 100vw, 900px\" \/><\/a><\/p>\n<p style=\"text-align: justify;\">La Fundaci\u00f3n Mayte Prida es una entidad sin fines de lucro dedicada a educar y proveer informaci\u00f3n pr\u00e1ctica y herramientas para guiar a las mujeres Hispanas y a sus familias mientras atraviesan la dif\u00edcil lucha contra el c\u00e1ncer de mama.<\/p>\n<p style=\"text-align: justify;\">Fue establecida en el a\u00f1o 2005 por la presentadora de Televisi\u00f3n y Radio Mayte Prida, sobreviviente de c\u00e1ncer. La tambi\u00e9n conferencista y autora de libros motivacionales y de superaci\u00f3n personal, hab\u00eda escrito y filmado su primer a\u00f1o de lucha contra el c\u00e1ncer en su libro y documental \u201cUna Etapa Dif\u00edcil, mi lucha contra el c\u00e1ncer\u201d con la esperanza de poder ayudar a otras personas afectadas por el mismo mal.<\/p>\n<p style=\"text-align: justify;\">Durante su gira nacional en su campa\u00f1a contra el c\u00e1ncer de seno, Mayte se dio cuenta de la enorme necesidad de informaci\u00f3n y de la importancia de crear conciencia.<\/p>\n<p style=\"text-align: justify;\">Unas de las metas principales de la Fundaci\u00f3n es desmitificar la idea de que c\u00e1ncer significa muerte, y reiterar que las mujeres que lo padecen no est\u00e1n solas.<\/p>\n<p style=\"text-align: justify;\">La Fundaci\u00f3n Mayte Prida ha creado he implementado campa\u00f1as de concientizaci\u00f3n social como <strong><em>T\u00f3matelo a Pecho<\/em><\/strong>, <strong><em>M\u00e9xico se Viste de Rosa<\/em><\/strong> y <strong><em>Yo Tambi\u00e9n Firm\u00e9 el Rosado<\/em><\/strong>, mismas que ha trascendido la barrera del idioma y las fronteras geogr\u00e1ficas, por un bien com\u00fan.<\/p>\n<p style=\"text-align: justify;\">Adem\u00e1s de llevar a cabo el mensaje de concientizaci\u00f3n y esperanza, la Fundaci\u00f3n Mayte Prida se ha unido a otras organizaciones internacionales y participa en f\u00f3rums y conferencias sobre el c\u00e1ncer de seno.<\/p>\n<p style=\"text-align: justify;\">\u00a1No permitas que el c\u00edrculo de amor se rompa pues como dice Mayte \u201c\u00a1A pesar de todo, la vida es bella y VALE LA PENA VIVIRLA!\u201d<\/p>\n","protected":false},"excerpt":{"rendered":"<p>Bajo la iniciativa de la reconocida dise\u00f1adora de interiores Lily Duclaud, el pasado jueves 18 de octubre se vivi\u00f3 un momento de uni\u00f3n y un llamado a unir voluntades para lograr la mayor concientizaci\u00f3n sobre[&#8230;]<\/p>\n","protected":false},"author":1,"featured_media":158,"comment_status":"open","ping_status":"open","sticky":false,"template":"","format":"standard","meta":{"footnotes":""},"categories":[1],"tags":[],"class_list":["post-152","post","type-post","status-publish","format-standard","has-post-thumbnail","hentry","category-sin-categoria"],"_links":{"self":[{"href":"https:\/\/lilyduclaud.com\/blog\/wp-json\/wp\/v2\/posts\/152","targetHints":{"allow":["GET"]}}],"collection":[{"href":"https:\/\/lilyduclaud.com\/blog\/wp-json\/wp\/v2\/posts"}],"about":[{"href":"https:\/\/lilyduclaud.com\/blog\/wp-json\/wp\/v2\/types\/post"}],"author":[{"embeddable":true,"href":"https:\/\/lilyduclaud.com\/blog\/wp-json\/wp\/v2\/users\/1"}],"replies":[{"embeddable":true,"href":"https:\/\/lilyduclaud.com\/blog\/wp-json\/wp\/v2\/comments?post=152"}],"version-history":[{"count":1,"href":"https:\/\/lilyduclaud.com\/blog\/wp-json\/wp\/v2\/posts\/152\/revisions"}],"predecessor-version":[{"id":157,"href":"https:\/\/lilyduclaud.com\/blog\/wp-json\/wp\/v2\/posts\/152\/revisions\/157"}],"wp:featuredmedia":[{"embeddable":true,"href":"https:\/\/lilyduclaud.com\/blog\/wp-json\/wp\/v2\/media\/158"}],"wp:attachment":[{"href":"https:\/\/lilyduclaud.com\/blog\/wp-json\/wp\/v2\/media?parent=152"}],"wp:term":[{"taxonomy":"category","embeddable":true,"href":"https:\/\/lilyduclaud.com\/blog\/wp-json\/wp\/v2\/categories?post=152"},{"taxonomy":"post_tag","embeddable":true,"href":"https:\/\/lilyduclaud.com\/blog\/wp-json\/wp\/v2\/tags?post=152"}],"curies":[{"name":"wp","href":"https:\/\/api.w.org\/{rel}","templated":true}]}}