{"id":1,"date":"2017-08-21T18:12:36","date_gmt":"2017-08-22T00:12:36","guid":{"rendered":"https:\/\/lilyduclaud.com\/blog\/?p=1"},"modified":"2017-08-21T19:20:17","modified_gmt":"2017-08-22T01:20:17","slug":"lily_duclaud_abre_su_atelier_en_santa_fe","status":"publish","type":"post","link":"https:\/\/lilyduclaud.com\/blog\/2017\/08\/21\/lily_duclaud_abre_su_atelier_en_santa_fe\/","title":{"rendered":"La dise\u00f1adora Lily Duclaud abre su atelier en Santa Fe"},"content":{"rendered":"<p style=\"text-align: justify;\">Acompa\u00f1ados de personalidades, y m\u00fasica ambiental al completo estilo franc\u00e9s, la reconocida dise\u00f1adora Gr\u00e1fica y de Interiores,\u00a0Lily Duclaud\u00a0inaugur\u00f3 su tienda\u00a0\u00a0Atelier en el\u00a0Centro Comercial Santa Fe, un concepto novedoso y \u00fanico en dise\u00f1o en\u00a0\u00a0el pa\u00eds.<\/p>\n<p style=\"text-align: justify;\">Se trata de un\u00a0\u00a0show room boutique que ofrece\u00a0\u00a0servicios de dise\u00f1o de\u00a0interiores, dise\u00f1o gr\u00e1fico, decoraci\u00f3n, arquitectura, fotograf\u00eda, escenograf\u00eda interiorista y desarrollo de negocios a\u00a0\u00a0la medida de sus\u00a0\u00a0clientes con una atenci\u00f3n\u00a0\u00a0\u00a0personalizada.<\/p>\n<p style=\"text-align: justify;\">Acompa\u00f1ada de la socialit\u00e9 Raquel Besudo, Lily Duclaud cort\u00f3 el list\u00f3n inaugural de este espacio que es una atractiva opci\u00f3n para los apasionados del\u00a0\u00a0Dise\u00f1o e Interiorismo,\u00a0ya que\u00a0\u00a0sus propuestas parten del dise\u00f1o y decoraci\u00f3n de una casa, restaurante, un hotel,\u00a0\u00a0la\u00a0\u00a0atm\u00f3sfera de una boda, la creaci\u00f3n de una\u00a0\u00a0fotograf\u00eda personal\u00a0\u00a0hasta la decoraci\u00f3n exclusiva del cuarto de un beb\u00e9, desarrollando el concepto,\u00a0\u00a0la elecci\u00f3n de\u00a0\u00a0los muebles, la texturas, los colores, las telas, los materiales y la iluminaci\u00f3n todo de la mano con el cliente.<\/p>\n<p style=\"text-align: justify;\">\u201cOtras veces, el cliente s\u00f3lo se va de vacaciones o de luna de miel\u00a0\u00a0y cuando\u00a0\u00a0regresa se\u00a0\u00a0encuentra con la\u00a0\u00a0casa que siempre so\u00f1\u00f3\u201d, coment\u00f3 Lily, El lema de su tienda Atelier es: \u201cDise\u00f1amos experiencias y por ello somos el lugar donde los sue\u00f1os se hacen realidad\u201d, expres\u00f3 Lily Duclaud<\/p>\n<p style=\"text-align: justify;\">Asimismo, la dise\u00f1adora hizo entrega al Doctor Vicente Alarc\u00f3n de su escultura de\u00a0\u00a0la Gota que formar\u00e1 parte de la subasta\u00a0\u00a0La gota que Cura, que organiza la Fundaci\u00f3n Cura.<\/p>\n<p style=\"text-align: justify;\">La dise\u00f1adora Lily estuvo acompa\u00f1ada tambi\u00e9n por la actriz Claudia Lizaldi, Eddie Jaimes, Carlos Odriozola, Araceli Motta, Shulamit Weinstock, Sergi Mass y Grace Guzm\u00e1n, entre otros.<\/p>\n<p style=\"text-align: justify;\">En la actualidad Lily se ha convertido en una referencia del dise\u00f1o al ser vocera de\u00a0DVX, la nueva marca que\u00a0American Standard\u00a0lanzar\u00e1 en M\u00e9xico, misma\u00a0\u00a0que\u00a0\u00a0representa su la l\u00ednea del periodo cl\u00e1sico, y con la cual trabajar\u00e1\u00a0\u00a0un a\u00f1o.<\/p>\n","protected":false},"excerpt":{"rendered":"<p>Acompa\u00f1ados de personalidades, y m\u00fasica ambiental al completo estilo franc\u00e9s, la reconocida dise\u00f1adora Gr\u00e1fica y de Interiores,\u00a0Lily Duclaud\u00a0inaugur\u00f3 su tienda\u00a0\u00a0Atelier en el\u00a0Centro Comercial Santa Fe, un concepto novedoso y \u00fanico en dise\u00f1o en\u00a0\u00a0el pa\u00eds. Se[&#8230;]<\/p>\n","protected":false},"author":1,"featured_media":20,"comment_status":"open","ping_status":"open","sticky":false,"template":"","format":"standard","meta":{"footnotes":""},"categories":[1],"tags":[],"class_list":["post-1","post","type-post","status-publish","format-standard","has-post-thumbnail","hentry","category-sin-categoria"],"_links":{"self":[{"href":"https:\/\/lilyduclaud.com\/blog\/wp-json\/wp\/v2\/posts\/1","targetHints":{"allow":["GET"]}}],"collection":[{"href":"https:\/\/lilyduclaud.com\/blog\/wp-json\/wp\/v2\/posts"}],"about":[{"href":"https:\/\/lilyduclaud.com\/blog\/wp-json\/wp\/v2\/types\/post"}],"author":[{"embeddable":true,"href":"https:\/\/lilyduclaud.com\/blog\/wp-json\/wp\/v2\/users\/1"}],"replies":[{"embeddable":true,"href":"https:\/\/lilyduclaud.com\/blog\/wp-json\/wp\/v2\/comments?post=1"}],"version-history":[{"count":2,"href":"https:\/\/lilyduclaud.com\/blog\/wp-json\/wp\/v2\/posts\/1\/revisions"}],"predecessor-version":[{"id":21,"href":"https:\/\/lilyduclaud.com\/blog\/wp-json\/wp\/v2\/posts\/1\/revisions\/21"}],"wp:featuredmedia":[{"embeddable":true,"href":"https:\/\/lilyduclaud.com\/blog\/wp-json\/wp\/v2\/media\/20"}],"wp:attachment":[{"href":"https:\/\/lilyduclaud.com\/blog\/wp-json\/wp\/v2\/media?parent=1"}],"wp:term":[{"taxonomy":"category","embeddable":true,"href":"https:\/\/lilyduclaud.com\/blog\/wp-json\/wp\/v2\/categories?post=1"},{"taxonomy":"post_tag","embeddable":true,"href":"https:\/\/lilyduclaud.com\/blog\/wp-json\/wp\/v2\/tags?post=1"}],"curies":[{"name":"wp","href":"https:\/\/api.w.org\/{rel}","templated":true}]}}